{"id":3972,"date":"2025-04-28T08:17:10","date_gmt":"2025-04-28T08:17:10","guid":{"rendered":"https:\/\/qelizaesthetics.com\/?p=3972"},"modified":"2025-04-28T08:19:19","modified_gmt":"2025-04-28T08:19:19","slug":"how-to-safely-boost-vitamin-d-case-study","status":"publish","type":"post","link":"https:\/\/qelizaesthetics.com\/fr\/comment-augmenter-la-vitamine-d-en-toute-securite-etude-de-cas\/","title":{"rendered":"Comment augmenter la vitamine D en toute s\u00e9curit\u00e9 : \u00e9tude de cas : De 7,5 \u00e0 47 ng\/mL en 12 semaines"},"content":{"rendered":"<p>Chez Qeliza Aesthetic Lounge, nous avons r\u00e9cemment aid\u00e9 une cliente \u00e0 augmenter son salaire. <a href=\"https:\/\/qelizaesthetics.com\/fr\/vitamine-d\/\">vitamine D<\/a> de 7,5 ng\/mL \u00e0 47 ng\/mL en moins de 3 mois. En utilisant un protocole strat\u00e9gique, bas\u00e9 sur des preuves, combinant des th\u00e9rapies injectables et orales, nous avons r\u00e9alis\u00e9 ce que la plupart des suppl\u00e9ments en vente libre ne peuvent pas faire seuls.<\/p>\n\n\n\n<figure class=\"wp-block-image size-full\"><img fetchpriority=\"high\" decoding=\"async\" width=\"1000\" height=\"665\" src=\"https:\/\/qelizaesthetics.com\/wp-content\/uploads\/2025\/04\/2149404687-1.jpg\" alt=\"Injections de vitamine D3 \u00e0 Tirana\" class=\"wp-image-3974\" srcset=\"https:\/\/qelizaesthetics.com\/wp-content\/uploads\/2025\/04\/2149404687-1.jpg 1000w, https:\/\/qelizaesthetics.com\/wp-content\/uploads\/2025\/04\/2149404687-1-300x200.jpg 300w, https:\/\/qelizaesthetics.com\/wp-content\/uploads\/2025\/04\/2149404687-1-768x511.jpg 768w, https:\/\/qelizaesthetics.com\/wp-content\/uploads\/2025\/04\/2149404687-1-18x12.jpg 18w, https:\/\/qelizaesthetics.com\/wp-content\/uploads\/2025\/04\/2149404687-1-600x399.jpg 600w\" sizes=\"(max-width: 1000px) 100vw, 1000px\" \/><\/figure>\n\n\n\n<h4 class=\"wp-block-heading\"><strong>Le protocole Qeliza<\/strong><\/h4>\n\n\n\n<ul class=\"wp-block-list\">\n<li>2 injections intramusculaires de 300 000 UI de vitamine D3, espac\u00e9es de 8 semaines<br><\/li>\n\n\n\n<li>Soutien oral quotidien (du lundi au vendredi) :<br>\n<ul class=\"wp-block-list\">\n<li>10 000 UI de vitamine D3<br><\/li>\n\n\n\n<li>100 mcg de vitamine K2 (MK-7)<br><\/li>\n<\/ul>\n<\/li>\n<\/ul>\n\n\n\n<p><\/p>\n\n\n\n<p>Les week-ends sont libres afin de permettre un cyclisme doux et d'\u00e9viter la sursaturation.<\/p>\n\n\n\n<figure class=\"wp-block-image size-large\"><img decoding=\"async\" width=\"1024\" height=\"611\" src=\"https:\/\/qelizaesthetics.com\/wp-content\/uploads\/2025\/04\/image-1-1024x611.png\" alt=\"\" class=\"wp-image-3978\" srcset=\"https:\/\/qelizaesthetics.com\/wp-content\/uploads\/2025\/04\/image-1-1024x611.png 1024w, https:\/\/qelizaesthetics.com\/wp-content\/uploads\/2025\/04\/image-1-300x179.png 300w, https:\/\/qelizaesthetics.com\/wp-content\/uploads\/2025\/04\/image-1-768x458.png 768w, https:\/\/qelizaesthetics.com\/wp-content\/uploads\/2025\/04\/image-1-1536x916.png 1536w, https:\/\/qelizaesthetics.com\/wp-content\/uploads\/2025\/04\/image-1-18x12.png 18w, https:\/\/qelizaesthetics.com\/wp-content\/uploads\/2025\/04\/image-1-600x358.png 600w, https:\/\/qelizaesthetics.com\/wp-content\/uploads\/2025\/04\/image-1.png 1979w\" sizes=\"(max-width: 1024px) 100vw, 1024px\" \/><\/figure>\n\n\n\n<h3 class=\"wp-block-heading\"><strong>La science derri\u00e8re la strat\u00e9gie<\/strong><\/h3>\n\n\n\n<p>La recherche montre :<\/p>\n\n\n\n<ul class=\"wp-block-list\">\n<li>Une dose unique de 300 000 UI peut augmenter les taux s\u00e9riques de 25(OH)D de 15 \u00e0 25 ng\/ml en quelques semaines, en fonction des taux de base et du m\u00e9tabolisme individuel (<a href=\"https:\/\/pubmed.ncbi.nlm.nih.gov\/18056888\/\" target=\"_blank\" rel=\"noopener\">Ilahi et al, 2008<\/a>,<a href=\"https:\/\/pubmed.ncbi.nlm.nih.gov\/18056889\/\" target=\"_blank\" rel=\"noopener\"> Romagnoli et al, 2008<\/a>).<br><\/li>\n\n\n\n<li>Une suppl\u00e9mentation quotidienne de 10 000 UI est g\u00e9n\u00e9ralement consid\u00e9r\u00e9e comme s\u00fbre chez les personnes pr\u00e9sentant une carence lorsqu'elle est surveill\u00e9e, et augmente les taux de fa\u00e7on plus coh\u00e9rente que de faibles doses (<a href=\"https:\/\/pubmed.ncbi.nlm.nih.gov\/12936962\/\" target=\"_blank\" rel=\"noopener\">Heaney et al, 2003<\/a>).<br><\/li>\n<\/ul>\n\n\n\n<p><\/p>\n\n\n\n<h4 class=\"wp-block-heading\"><strong>Vitamine K2 : le h\u00e9ros m\u00e9connu<\/strong><\/h4>\n\n\n\n<ul class=\"wp-block-list\">\n<li>Pr\u00e9vient la calcification vasculaire<br><\/li>\n\n\n\n<li>Guide le calcium dans les os et les dents<br><\/li>\n\n\n\n<li>Renforce la s\u00e9curit\u00e9 de la th\u00e9rapie \u00e0 haute dose de D (<a href=\"https:\/\/pubmed.ncbi.nlm.nih.gov\/17253178\/\" target=\"_blank\" rel=\"noopener\">Schurgers et al, 2007<\/a>)<br><\/li>\n<\/ul>\n\n\n\n<p><\/p>\n\n\n\n<figure class=\"wp-block-image size-full\"><img decoding=\"async\" width=\"1000\" height=\"667\" src=\"https:\/\/qelizaesthetics.com\/wp-content\/uploads\/2025\/04\/149-1.jpg\" alt=\"suppl\u00e9ments de D3 et de K2 par voie orale \" class=\"wp-image-3976\" srcset=\"https:\/\/qelizaesthetics.com\/wp-content\/uploads\/2025\/04\/149-1.jpg 1000w, https:\/\/qelizaesthetics.com\/wp-content\/uploads\/2025\/04\/149-1-300x200.jpg 300w, https:\/\/qelizaesthetics.com\/wp-content\/uploads\/2025\/04\/149-1-768x512.jpg 768w, https:\/\/qelizaesthetics.com\/wp-content\/uploads\/2025\/04\/149-1-18x12.jpg 18w, https:\/\/qelizaesthetics.com\/wp-content\/uploads\/2025\/04\/149-1-600x400.jpg 600w\" sizes=\"(max-width: 1000px) 100vw, 1000px\" \/><\/figure>\n\n\n\n<h3 class=\"wp-block-heading\"><strong>Pourquoi la vitamine D de Qeliza est-elle efficace alors que d'autres ne le sont pas ?<\/strong><\/h3>\n\n\n\n<p>La plupart des produits \u00e0 base de vitamine D vendus dans le commerce :<\/p>\n\n\n\n<ul class=\"wp-block-list\">\n<li>Les faibles doses (1 000 \u00e0 2 000 UI) sont \u00e0 peine suffisantes pour maintenir, et encore moins pour compl\u00e9ter, l'\u00e9tat de sant\u00e9 de la population.<br><\/li>\n\n\n\n<li>Manque souvent de vitamine K2<br><\/li>\n\n\n\n<li>Utiliser des supports \u00e0 faible biodisponibilit\u00e9 ou des formulations instables<br><\/li>\n<\/ul>\n\n\n\n<p><\/p>\n\n\n\n<p>\u00c0 Qeliza :<\/p>\n\n\n\n<ul class=\"wp-block-list\">\n<li>Nous nous procurons du chol\u00e9calcif\u00e9rol (D3) de qualit\u00e9 injectable r\u00e9pondant \u00e0 des normes pharmaceutiques strictes.<br><\/li>\n\n\n\n<li>Notre oral <a href=\"https:\/\/qelizaesthetics.com\/fr\/produit\/vit-d3-10000-iu-k-60-caps\/\">D3+K2<\/a> est sp\u00e9cialement compos\u00e9, ce qui garantit :<br>\n<ul class=\"wp-block-list\">\n<li>Absorption sup\u00e9rieure<br><\/li>\n\n\n\n<li>Synergie optimale entre D et K<br><\/li>\n\n\n\n<li>Pas de produits de remplissage ni d'huiles oxyd\u00e9es<br><\/li>\n<\/ul>\n<\/li>\n<\/ul>\n\n\n\n<p><\/p>\n\n\n\n<p>Vous ne trouverez cela nulle part ailleurs \u00e0 Tirana. C'est la sant\u00e9 r\u00e9g\u00e9n\u00e9ratrice dans les r\u00e8gles de l'art.<\/p>\n\n\n\n<figure class=\"wp-block-image size-full\"><img loading=\"lazy\" decoding=\"async\" width=\"1000\" height=\"667\" src=\"https:\/\/qelizaesthetics.com\/wp-content\/uploads\/2025\/04\/218768-1.jpg\" alt=\"traitement de la carence en vitamine D, injections de vitamine D3 \u00e0 Tirana\" class=\"wp-image-3977\" srcset=\"https:\/\/qelizaesthetics.com\/wp-content\/uploads\/2025\/04\/218768-1.jpg 1000w, https:\/\/qelizaesthetics.com\/wp-content\/uploads\/2025\/04\/218768-1-300x200.jpg 300w, https:\/\/qelizaesthetics.com\/wp-content\/uploads\/2025\/04\/218768-1-768x512.jpg 768w, https:\/\/qelizaesthetics.com\/wp-content\/uploads\/2025\/04\/218768-1-18x12.jpg 18w, https:\/\/qelizaesthetics.com\/wp-content\/uploads\/2025\/04\/218768-1-600x400.jpg 600w\" sizes=\"(max-width: 1000px) 100vw, 1000px\" \/><\/figure>\n\n\n\n<h3 class=\"wp-block-heading\"><strong>Ce protocole vous convient-il ?<\/strong><\/h3>\n\n\n\n<p>Si vous vous sentez fatigu\u00e9, de mauvaise humeur ou si vous avez des rhumes fr\u00e9quents - ou si vos analyses r\u00e9v\u00e8lent un faible taux de vitamine D -, il est important d'avoir une bonne hygi\u00e8ne de vie. <a href=\"https:\/\/qelizaesthetics.com\/fr\/contact\/\">r\u00e9server une consultation<\/a> \u00e0 Qeliza Aesthetic Lounge.<\/p>\n\n\n\n<p>Nos programmes de bien-\u00eatre personnalis\u00e9s sont :<\/p>\n\n\n\n<ul class=\"wp-block-list\">\n<li>Guid\u00e9 par le laboratoire<br><\/li>\n\n\n\n<li>Fond\u00e9e sur des donn\u00e9es probantes<br><\/li>\n<\/ul>\n\n\n\n<p><\/p>\n\n\n\n<p>Et toujours ax\u00e9 sur la sant\u00e9 cellulaire<\/p>","protected":false},"excerpt":{"rendered":"<p>Chez Qeliza Aesthetic Lounge, nous avons r\u00e9cemment aid\u00e9 un client \u00e0 augmenter son taux de vitamine D de 7,5 ng\/mL \u00e0 47 ng\/mL en moins de 3 mois. En utilisant un protocole strat\u00e9gique, bas\u00e9 sur des preuves, combinant des th\u00e9rapies injectables et orales, nous avons r\u00e9alis\u00e9 ce que la plupart des suppl\u00e9ments en vente libre ne peuvent pas faire seuls. Le protocole Qeliza Les week-ends de repos afin de fournir un cycle doux et d'\u00e9viter [...]<\/p>","protected":false},"author":1,"featured_media":3973,"comment_status":"open","ping_status":"open","sticky":false,"template":"","format":"standard","meta":{"footnotes":""},"categories":[1],"tags":[],"class_list":["post-3972","post","type-post","status-publish","format-standard","has-post-thumbnail","hentry","category-uncategorized"],"_links":{"self":[{"href":"https:\/\/qelizaesthetics.com\/fr\/wp-json\/wp\/v2\/posts\/3972","targetHints":{"allow":["GET"]}}],"collection":[{"href":"https:\/\/qelizaesthetics.com\/fr\/wp-json\/wp\/v2\/posts"}],"about":[{"href":"https:\/\/qelizaesthetics.com\/fr\/wp-json\/wp\/v2\/types\/post"}],"author":[{"embeddable":true,"href":"https:\/\/qelizaesthetics.com\/fr\/wp-json\/wp\/v2\/users\/1"}],"replies":[{"embeddable":true,"href":"https:\/\/qelizaesthetics.com\/fr\/wp-json\/wp\/v2\/comments?post=3972"}],"version-history":[{"count":2,"href":"https:\/\/qelizaesthetics.com\/fr\/wp-json\/wp\/v2\/posts\/3972\/revisions"}],"predecessor-version":[{"id":3981,"href":"https:\/\/qelizaesthetics.com\/fr\/wp-json\/wp\/v2\/posts\/3972\/revisions\/3981"}],"wp:featuredmedia":[{"embeddable":true,"href":"https:\/\/qelizaesthetics.com\/fr\/wp-json\/wp\/v2\/media\/3973"}],"wp:attachment":[{"href":"https:\/\/qelizaesthetics.com\/fr\/wp-json\/wp\/v2\/media?parent=3972"}],"wp:term":[{"taxonomy":"category","embeddable":true,"href":"https:\/\/qelizaesthetics.com\/fr\/wp-json\/wp\/v2\/categories?post=3972"},{"taxonomy":"post_tag","embeddable":true,"href":"https:\/\/qelizaesthetics.com\/fr\/wp-json\/wp\/v2\/tags?post=3972"}],"curies":[{"name":"wp","href":"https:\/\/api.w.org\/{rel}","templated":true}]}}