{"id":4473,"date":"2025-08-11T21:08:09","date_gmt":"2025-08-11T21:08:09","guid":{"rendered":"https:\/\/qelizaesthetics.com\/heart-rate-variability-a-valuable-biomarker-with-a-major-impact-on-physiological-and-psychological-health\/"},"modified":"2025-08-11T21:08:09","modified_gmt":"2025-08-11T21:08:09","slug":"heart-rate-variability-a-valuable-biomarker-with-a-major-impact-on-physiological-and-psychological-health","status":"publish","type":"post","link":"https:\/\/qelizaesthetics.com\/es\/la-variabilidad-de-la-frecuencia-cardiaca-un-valioso-biomarcador-con-gran-repercusion-en-la-salud-fisiologica-y-psicologica\/","title":{"rendered":"Variabilidad de la frecuencia cardiaca: Un valioso biomarcador con un gran impacto en la salud fisiol\u00f3gica y psicol\u00f3gica"},"content":{"rendered":"<div><\/div>\n<div>\n<p><span style=\"font-weight: 400;\">La frecuencia card\u00edaca es el n\u00famero de latidos por minuto, y <\/span><a href=\"https:\/\/link.springer.com\/article\/10.1007\/s00421-007-0574-9\" target=\"_blank\" rel=\"noopener\"><span style=\"font-weight: 400;\">variabilidad de la frecuencia cardiaca<\/span><\/a><span style=\"font-weight: 400;\"> (VFC) cuantifica la variabilidad de la frecuencia cardiaca. Aunque la frecuencia cardiaca puede ser razonablemente estable, el tiempo transcurrido entre dos contracciones cardiacas sucesivas (intervalos R-R) puede variar considerablemente en reposo; de ah\u00ed que la VFC sea la <\/span><a href=\"https:\/\/www.ncbi.nlm.nih.gov\/pmc\/articles\/PMC2903986\/\" target=\"_blank\" rel=\"noopener\"><span style=\"font-weight: 400;\">variaci\u00f3n latido a latido<\/span><\/a><span style=\"font-weight: 400;\"> en los intervalos de tiempo entre latidos adyacentes o consecutivos, denominados intervalos entre latidos (IBI). <\/span><a href=\"https:\/\/www.ncbi.nlm.nih.gov\/pmc\/articles\/PMC5624990\/\" target=\"_blank\" rel=\"noopener\"><span style=\"font-weight: 400;\">Las oscilaciones<\/span><\/a><span style=\"font-weight: 400;\"> de un coraz\u00f3n sano son complejas y cambian constantemente, lo que permite al sistema cardiovascular ajustarse r\u00e1pidamente a los desaf\u00edos f\u00edsicos y psicol\u00f3gicos repentinos para la homeostasis.&nbsp;<\/span><\/p>\n<p><span style=\"font-weight: 400;\">La VFC se considera un biomarcador no invasivo, pr\u00e1ctico y reproducible de la funci\u00f3n del sistema nervioso aut\u00f3nomo, ya que las oscilaciones entre latidos consecutivos resultan principalmente de la <\/span><a href=\"https:\/\/www.frontiersin.org\/articles\/10.3389\/fnins.2019.00710\/full\" target=\"_blank\" rel=\"noopener\"><span style=\"font-weight: 400;\">interacci\u00f3n din\u00e1mica<\/span><\/a><span style=\"font-weight: 400;\"> entre los aportes del sistema nervioso parasimp\u00e1tico (SNP) y simp\u00e1tico (SNS) al coraz\u00f3n. En concreto, el aumento del aporte simp\u00e1tico disminuye <\/span><a href=\"https:\/\/www.ncbi.nlm.nih.gov\/pmc\/articles\/PMC6377325\/\" target=\"_blank\" rel=\"noopener\"><span style=\"font-weight: 400;\">HRV<\/span><\/a><span style=\"font-weight: 400;\">mientras que el aumento del parasimp\u00e1tico incrementa la VFC. Mientras que la actividad del SNS aumenta durante el estr\u00e9s, la amenaza f\u00edsica o el ejercicio, el SNP relaja el cuerpo despu\u00e9s de periodos de estr\u00e9s o peligro y hace que uno se sienta seguro y relajado. El SNP y el SNS constituyen ramas del sistema nervioso aut\u00f3nomo que, junto con el sistema nervioso som\u00e1tico, forman el sistema nervioso perif\u00e9rico.<\/span><\/p>\n<p><span style=\"font-weight: 400;\">En un coraz\u00f3n humano sano, existe una relaci\u00f3n din\u00e1mica entre el SNP y el SNS. La actividad del SNP predomina en reposo, lo que se traduce en una frecuencia cardiaca media de ~ 75 latidos por minuto.&nbsp;<\/span><\/p>\n<p><span style=\"font-weight: 400;\">La VFC representa la capacidad del coraz\u00f3n para responder a diversos est\u00edmulos fisiol\u00f3gicos y ambientales. Por lo tanto, la capacidad del sistema nervioso aut\u00f3nomo de responder din\u00e1micamente a <\/span><a href=\"https:\/\/www.ncbi.nlm.nih.gov\/pmc\/articles\/PMC2903986\/\" target=\"_blank\" rel=\"noopener\"><span style=\"font-weight: 400;\">cambios medioambientales<\/span><\/a><span style=\"font-weight: 400;\"> se traduce en un aumento de la VFC y, por lo general, indica un coraz\u00f3n sano. Por el contrario, una VFC baja se asocia con <\/span><a href=\"https:\/\/www.ncbi.nlm.nih.gov\/pmc\/articles\/PMC5900369\/\" target=\"_blank\" rel=\"noopener\"><span style=\"font-weight: 400;\">alteraciones reguladoras y homeost\u00e1ticas<\/span><\/a><span style=\"font-weight: 400;\"> funciones del sistema nervioso aut\u00f3nomo, que reducen la capacidad del organismo para hacer frente a los factores estresantes internos y externos.&nbsp;<\/span><\/p>\n<p><span style=\"font-weight: 400;\">Muchas condiciones f\u00edsicas y h\u00e1bitos de vida pueden afectar a la VFC, incluidos los factores fisiol\u00f3gicos (por ejemplo, la respiraci\u00f3n, los ritmos circadianos y la postura), los factores no modificables (por ejemplo, la edad, el sexo y los factores gen\u00e9ticos), los factores modificables del estilo de vida (por ejemplo, la actividad f\u00edsica, el \u00edndice de masa corporal, el tabaquismo, el consumo de alcohol y el estr\u00e9s) y otros factores (por ejemplo, medicamentos como los anticolin\u00e9rgicos, los estimulantes y los betabloqueantes).<\/span><\/p>\n<p><span style=\"font-weight: 400;\">En total, un <\/span><a href=\"https:\/\/www.ncbi.nlm.nih.gov\/pmc\/articles\/PMC5624990\/\" target=\"_blank\" rel=\"noopener\"><span style=\"font-weight: 400;\">alto nivel de VFC<\/span><\/a><span style=\"font-weight: 400;\"> se asocia con la salud general, la capacidad de autorregulaci\u00f3n, la adaptabilidad y la resiliencia fisiol\u00f3gica y psicol\u00f3gica.&nbsp;<\/span><\/p>\n<p><strong>M\u00e9tricas de la VFC<\/strong><\/p>\n<p><span style=\"font-weight: 400;\">La VFC puede analizarse mediante a) medidas en el dominio del tiempo, b) medidas en el dominio de la frecuencia y c) medidas no lineales.<br \/>\n<\/span><span style=\"font-weight: 400;\">Los \u00edndices temporales de la VFC cuantifican la variabilidad de las mediciones del intervalo entre latidos (IBI), que, como ya se ha mencionado, es el tiempo transcurrido entre latidos sucesivos. El <\/span><a href=\"https:\/\/pubmed.ncbi.nlm.nih.gov\/28611675\/\" target=\"_blank\" rel=\"noopener\"><span style=\"font-weight: 400;\">dos medidas m\u00e1s comunes<\/span><\/a><span style=\"font-weight: 400;\"> son la desviaci\u00f3n est\u00e1ndar de los intervalos R-R (SDRR), una medida de la variabilidad global, y la ra\u00edz cuadr\u00e1tica media de las diferencias sucesivas de los intervalos R-R (RMSSD), una medida de la variabilidad latido a latido.<br \/>\n<\/span><span style=\"font-weight: 400;\">Mientras que las mediciones en el dominio temporal muestran un par\u00e1metro en funci\u00f3n del tiempo, las mediciones en el dominio frecuencial muestran un par\u00e1metro en funci\u00f3n de la frecuencia. Una medida determinada puede convertirse entre los dominios temporal y frecuencial con un par de operadores matem\u00e1ticos denominados transformaciones. Los \u00edndices en el dominio de la frecuencia estiman la distribuci\u00f3n absoluta o relativa de la potencia en <\/span><a href=\"https:\/\/jphysiolanthropol.biomedcentral.com\/articles\/10.1186\/s40101-019-0193-2\" target=\"_blank\" rel=\"noopener\"><span style=\"font-weight: 400;\">cuatro bandas de frecuencia<\/span><\/a><span style=\"font-weight: 400;\"> o ritmos que operan dentro de diferentes rangos de frecuencia. Por lo tanto, las oscilaciones de la frecuencia cardiaca se dividen en bandas de frecuencia ultrabaja (ULF), frecuencia muy baja (VLF), frecuencia baja (LF) y frecuencia alta (HF).&nbsp;<\/span><\/p>\n<ul>\n<li><span style=\"font-weight: 400;\">En <\/span><a href=\"https:\/\/www.frontiersin.org\/articles\/10.3389\/fnins.2019.00710\/full\" target=\"_blank\" rel=\"noopener\"><span style=\"font-weight: 400;\">Banda ULF<\/span><\/a><span style=\"font-weight: 400;\"> (\u22640,003Hz) requiere un periodo de registro de al menos 24 horas. Refleja las oscilaciones circadianas, la temperatura corporal, el metabolismo y la actividad del sistema renina-angiotensina.<\/span><\/li>\n<li><span style=\"font-weight: 400;\">En <\/span><a href=\"https:\/\/www.frontiersin.org\/articles\/10.3389\/fnins.2019.00710\/full\" target=\"_blank\" rel=\"noopener\"><span style=\"font-weight: 400;\">Banda VLF<\/span><\/a><span style=\"font-weight: 400;\"> (0,0033-0,04Hz) requiere un periodo de registro de al menos 5 minutos, pero puede controlarse mejor durante 24 horas. Representa mecanismos de regulaci\u00f3n a largo plazo, termorregulaci\u00f3n y mecanismos hormonales.<\/span><\/li>\n<li><span style=\"font-weight: 400;\">En <\/span><a href=\"https:\/\/www.ncbi.nlm.nih.gov\/pmc\/articles\/PMC2399901\/\" target=\"_blank\" rel=\"noopener\"><span style=\"font-weight: 400;\">Banda LF<\/span><\/a><span style=\"font-weight: 400;\"> (0,04-0,15 Hz) suele registrarse durante un periodo m\u00ednimo de dos minutos y comprende ritmos con periodos de entre 7 y 25 segundos. Refleja una combinaci\u00f3n de influencias simp\u00e1ticas y parasimp\u00e1ticas.&nbsp;<\/span><\/li>\n<li><span style=\"font-weight: 400;\">En <\/span><a href=\"https:\/\/journals.lww.com\/behaviouralpharm\/Fulltext\/2018\/04000\/Heart_rate_variability__a_biomarker_to_study_the.5.aspx\" target=\"_blank\" rel=\"noopener\"><span style=\"font-weight: 400;\">Banda HF<\/span><\/a><span style=\"font-weight: 400;\"> (0,15-0,40Hz) se registra convencionalmente durante 1 minuto y refleja la actividad parasimp\u00e1tica. Tambi\u00e9n se denomina banda respiratoria porque corresponde a las variaciones de la frecuencia cardiaca relacionadas con el ciclo respiratorio (la frecuencia cardiaca aumenta durante la inspiraci\u00f3n y disminuye durante la espiraci\u00f3n).&nbsp;<\/span><\/li>\n<li><span style=\"font-weight: 400;\">Los distintos ritmos respiratorios afectan a diferentes bandas de frecuencia. En particular, la banda LF se ve afectada por la respiraci\u00f3n de ~ 3-9 respiraciones por minuto, mientras que la banda HF se ve influida por la respiraci\u00f3n de ~ 9-25 respiraciones por minuto.<\/span><\/li>\n<\/ul>\n<p><span style=\"font-weight: 400;\">Por \u00faltimo, la potencia de LF a HF (<\/span><a href=\"https:\/\/www.ncbi.nlm.nih.gov\/pmc\/articles\/PMC5624990\/\" target=\"_blank\" rel=\"noopener\"><span style=\"font-weight: 400;\">Relaci\u00f3n LF\/HF<\/span><\/a><span style=\"font-weight: 400;\">) refleja el equilibrio entre la actividad del SNS y del SNP en condiciones controladas. Una relaci\u00f3n LF\/HF baja refleja un predominio parasimp\u00e1tico. Por el contrario, una relaci\u00f3n LF\/HF alta indica una dominancia simp\u00e1tica, que se produce cuando adoptamos conductas de lucha o huida. Adem\u00e1s de la VFC en el dominio del tiempo y la frecuencia, tambi\u00e9n existen otras medidas de la VFC basadas en <\/span><a href=\"https:\/\/pubmed.ncbi.nlm.nih.gov\/28611675\/\" target=\"_blank\" rel=\"noopener\"><span style=\"font-weight: 400;\">din\u00e1mica no lineal<\/span><\/a><span style=\"font-weight: 400;\">como el an\u00e1lisis de la ley de potencia, la entrop\u00eda aproximada (ApEn), la dimensionalidad y el an\u00e1lisis de fluctuaci\u00f3n detrendente (DFA).&nbsp;<\/span><\/p>\n<p><strong>Efecto del entrenamiento en la VFC<\/strong><\/p>\n<p><span style=\"font-weight: 400;\">El entrenamiento ha<\/span> <span style=\"font-weight: 400;\">se ha demostrado que aumenta la VFC en individuos sanos, con <\/span><a href=\"https:\/\/pubmed.ncbi.nlm.nih.gov\/28611675\/\" target=\"_blank\" rel=\"noopener\"><span style=\"font-weight: 400;\">intensidad del ejercicio<\/span><\/a><span style=\"font-weight: 400;\"> siendo el mayor determinante de la VFC.<br \/>\n<\/span><span style=\"font-weight: 400;\">En lo que respecta a la duraci\u00f3n del ejercicio, el limitado conjunto de pruebas sugiere que la duraci\u00f3n prolongada del ejercicio puede disminuir la VFC durante el mismo.<br \/>\n<\/span><span style=\"font-weight: 400;\">En cuanto al modo de ejercicio, durante el ejercicio moderado en estado estacionario, el ejercicio de la parte superior del cuerpo provoca <\/span><a href=\"https:\/\/link.springer.com\/article\/10.1007\/s00421-007-0574-9\" target=\"_blank\" rel=\"noopener\"><span style=\"font-weight: 400;\">mayor VFC<\/span><\/a><span style=\"font-weight: 400;\"> en comparaci\u00f3n con el ejercicio con la parte inferior del cuerpo y el peso corporal a la misma frecuencia cardiaca subm\u00e1xima y el mismo %VO absoluto\/relativo<\/span><span style=\"font-weight: 400;\">2<\/span><span style=\"font-weight: 400;\">ritmos de trabajo m\u00e1ximos.<br \/>\n<\/span><span style=\"font-weight: 400;\">Y lo que es m\u00e1s importante, la actividad f\u00edsica regular reduce el riesgo de morbilidad y mortalidad por diversas afecciones cl\u00ednicas, entre ellas las enfermedades cardiovasculares (ECV) y la diabetes.<br \/>\n<\/span><span style=\"font-weight: 400;\">Se recomienda encarecidamente a los pacientes con ECV, incluidos los que han sufrido un infarto de miocardio (IM) y los pacientes con insuficiencia cardiaca cr\u00f3nica (ICC).<br \/>\n<\/span><span style=\"font-weight: 400;\">Varios estudios han documentado mejoras en la VFC a trav\u00e9s de la participaci\u00f3n en programas de entrenamiento con ejercicio entre pacientes con IM.&nbsp;<\/span><\/p>\n<p><a href=\"https:\/\/www.internationaljournalofcardiology.com\/article\/S0167-5273(11)02125-5\/fulltext\" target=\"_blank\" rel=\"noopener\"><span style=\"font-weight: 400;\">Un estudio<\/span><\/a><span style=\"font-weight: 400;\"> descubrieron que, tras un programa de rehabilitaci\u00f3n cardiaca de ocho semanas, los participantes aumentaban significativamente los par\u00e1metros de VFC en comparaci\u00f3n con los que no participaban en el programa de entrenamiento.&nbsp;<\/span><\/p>\n<p><a href=\"https:\/\/www.ncbi.nlm.nih.gov\/pmc\/articles\/PMC2903986\/\" target=\"_blank\" rel=\"noopener\"><span style=\"font-weight: 400;\">En otro estudio<\/span><\/a><span style=\"font-weight: 400;\">En el estudio de los pacientes con infarto de miocardio, los investigadores informaron de una reducci\u00f3n de 30% en el cociente LF\/HF despu\u00e9s de que los pacientes completaran un programa de rehabilitaci\u00f3n de resistencia de ocho semanas. Estas mejoras se mantuvieron durante un a\u00f1o tras la participaci\u00f3n en el programa.<br \/>\n<\/span><span style=\"font-weight: 400;\">Tambi\u00e9n pueden conseguirse mejoras en la VFC mediante programas no supervisados de marcha de baja intensidad, as\u00ed como mediante el entrenamiento con ejercicios de umbral anaer\u00f3bico.<br \/>\n<\/span><span style=\"font-weight: 400;\">Tambi\u00e9n se ha observado que la actividad f\u00edsica ejerce efectos beneficiosos sobre la VFC en pacientes con ICC. La ICC se caracteriza por un deterioro de la funci\u00f3n cardiaca y se asocia a una reducci\u00f3n de la tolerancia al ejercicio y de la VFC. Se han observado mejoras en la VFC de pacientes con ICC en programas supervisados de ejercicio aer\u00f3bico, programas supervisados de entrenamiento de resistencia y programas de entrenamiento en casa.<br \/>\n<\/span><span style=\"font-weight: 400;\">Sin embargo, se desconocen los mecanismos exactos que subyacen a la modificaci\u00f3n beneficiosa de la VFC por el entrenamiento en estas condiciones. <\/span><a href=\"https:\/\/www.ncbi.nlm.nih.gov\/pmc\/articles\/PMC2903986\/\" target=\"_blank\" rel=\"noopener\"><span style=\"font-weight: 400;\">Una hip\u00f3tesis<\/span><\/a><span style=\"font-weight: 400;\"> sugiere que el ejercicio f\u00edsico aumenta el tono parasimp\u00e1tico cardiaco y reduce las influencias simp\u00e1ticas cardiacas. Sin embargo, se necesitan m\u00e1s investigaciones para corroborar estas afirmaciones. Tambi\u00e9n se necesita m\u00e1s investigaci\u00f3n para identificar el r\u00e9gimen de ejercicio, en t\u00e9rminos de intensidad y duraci\u00f3n, que produce mejoras \u00f3ptimas en la VFC.<\/span><\/p>\n<p><strong>La VFC como herramienta para optimizar el entrenamiento f\u00edsico<\/strong><\/p>\n<p><span style=\"font-weight: 400;\">La VFC, adem\u00e1s de ser una herramienta para evaluar la funci\u00f3n del sistema nervioso aut\u00f3nomo, tambi\u00e9n se ha investigado para <\/span><a href=\"https:\/\/www.researchgate.net\/publication\/341607349_Heart_Rate_Variability_Analysis_in_Exercise_Physiology\" target=\"_blank\" rel=\"noopener\"><span style=\"font-weight: 400;\">el seguimiento de la carga de entrenamiento, las adaptaciones individuales a los reg\u00edmenes de entrenamiento y la recuperaci\u00f3n, as\u00ed como la detecci\u00f3n precoz de los fen\u00f3menos de sobreentrenamiento<\/span><\/a><span style=\"font-weight: 400;\">.<\/span><\/p>\n<p><span style=\"font-weight: 400;\">El entrenamiento guiado por la VFC produce mayores mejoras en la carga m\u00e1xima de entrenamiento (+6-8%) y tambi\u00e9n permite mejoras significativas en el rendimiento con una carga de entrenamiento menor, no s\u00f3lo en atletas entrenados sino tambi\u00e9n en individuos no entrenados. La VFC debe medirse regularmente a lo largo del a\u00f1o en los deportes de competici\u00f3n para controlar la respuesta del atleta a los diferentes est\u00edmulos del entrenamiento. Sin embargo, cuando se controlan las adaptaciones al entrenamiento a trav\u00e9s de la VFC, es necesario tener en cuenta la fase de entrenamiento del atleta. Por lo tanto, se recomiendan mediciones de la VFC m\u00e1s frecuentes en las fases de transici\u00f3n y competitiva, mientras que unas pocas semanales pueden ser suficientes durante la fase preparatoria.&nbsp;<\/span><\/p>\n<p><span style=\"font-weight: 400;\">Pero, \u00bfqu\u00e9 ocurre con la recuperaci\u00f3n? Es necesario un sutil equilibrio entre el estr\u00e9s del ejercicio y la recuperaci\u00f3n para obtener adaptaciones \u00f3ptimas y mejoras del rendimiento. Los deportistas de alto rendimiento est\u00e1n constantemente expuestos a est\u00edmulos de entrenamiento intensivos, de forma que puede producirse una fatiga inducida por el entrenamiento y una recuperaci\u00f3n insuficiente. Si el entrenamiento se contin\u00faa sin recuperaci\u00f3n, existe una alta posibilidad de desarrollar el s\u00edndrome de sobreentrenamiento, que requiere varias semanas o incluso meses para que un atleta lo supere y retome con \u00e9xito su entrenamiento.&nbsp;<\/span><\/p>\n<p><span style=\"font-weight: 400;\">Dado que la sobrecarga cr\u00f3nica de entrenamiento disminuye la VFC, el uso de mediciones de la VFC ofrece un gran potencial para la detecci\u00f3n precoz y la prevenci\u00f3n del sobreentrenamiento.&nbsp;<\/span><\/p>\n<p><strong>VFC y funci\u00f3n cognitiva<\/strong><\/p>\n<p><span style=\"font-weight: 400;\">Los participantes con un elevado VF-CH presentan un mejor rendimiento en tareas cognitivas que los participantes con un VF-CH bajo. M\u00e1s concretamente, el VPH-FH alto se asoci\u00f3 con una mejor capacidad de razonamiento verbal, mientras que el VPH-FH bajo con un rendimiento m\u00e1s d\u00e9bil en funciones cognitivas globales, como la capacidad de razonamiento verbal, las respuestas de memoria y las funciones ejecutivas.&nbsp;<\/span><\/p>\n<p><a href=\"https:\/\/www.frontiersin.org\/articles\/10.3389\/fnins.2019.00710\/full\" target=\"_blank\" rel=\"noopener\"><span style=\"font-weight: 400;\">Algunos estudios<\/span><\/a><span style=\"font-weight: 400;\"> tambi\u00e9n han se\u00f1alado la existencia de una relaci\u00f3n entre un VH-RF bajo y el riesgo de desarrollar trastornos cognitivos, como la enfermedad de Alzheimer. Adem\u00e1s, una VFC-FL baja est\u00e1 relacionada con un peor rendimiento cognitivo, en particular con la memoria, el lenguaje y las puntuaciones cognitivas globales. En general, la VFC parece correlacionarse con facetas cognitivas verbales pero no visuales.&nbsp;&nbsp;<\/span><\/p>\n<p><strong>La dieta y su implicaci\u00f3n con la VFC y la salud mental<\/strong><\/p>\n<p><span style=\"font-weight: 400;\">Se han asociado varios aspectos de la dieta con la VFC. Por ejemplo, el consumo diet\u00e9tico de <\/span><a href=\"https:\/\/www.ahajournals.org\/doi\/10.1161\/CIRCULATIONAHA.107.732826?url_ver=Z39.88-2003&amp;rfr_id=ori:rid:crossref.org&amp;rfr_dat=cr_pub%20%200pubmed\" target=\"_blank\" rel=\"noopener\"><span style=\"font-weight: 400;\">pescado graso y \u00e1cidos grasos omega-3<\/span><\/a><span style=\"font-weight: 400;\"> en general se asocia de forma independiente con la VFC. En concreto, un mayor consumo de at\u00fan o de otros pescados grasos hervidos o al horno, como el salm\u00f3n y la caballa, se asoci\u00f3 a una mejora de los \u00edndices de VFC y, por tanto, a un menor riesgo de resultados arr\u00edtmicos, como muerte s\u00fabita, cardiopat\u00eda coronaria arr\u00edtmica y fibrilaci\u00f3n auricular.<\/span><\/p>\n<p><span style=\"font-weight: 400;\">Adem\u00e1s, un <\/span><a href=\"https:\/\/www.sciencedirect.com\/science\/article\/abs\/pii\/S0301051116303647?via%3Dihub\" target=\"_blank\" rel=\"noopener\"><span style=\"font-weight: 400;\">Dieta mediterr\u00e1nea<\/span><\/a><span style=\"font-weight: 400;\">La ingesta suficiente de vitaminas y minerales y el consumo de cafe\u00edna se han asociado a un aumento de la VFC.<\/span><\/p>\n<p><strong>Por otro lado, los aspectos de un patr\u00f3n diet\u00e9tico poco saludable, como una dieta rica en grasas saturadas o trans, reducen la VFC.&nbsp;<\/strong><\/p>\n<p><span style=\"font-weight: 400;\">Por \u00faltimo, aunque fumar cigarrillos y beber alcohol se han asociado negativamente con la VFC, <\/span><a href=\"https:\/\/journals.lww.com\/behaviouralpharm\/Fulltext\/2018\/04000\/Heart_rate_variability__a_biomarker_to_study_the.5.aspx\" target=\"_blank\" rel=\"noopener\"><span style=\"font-weight: 400;\">consumo de vino<\/span><\/a><span style=\"font-weight: 400;\">se asocia positiva e independientemente con la VFC.<br \/>\n<\/span><span style=\"font-weight: 400;\">Por lo tanto, la relaci\u00f3n constante entre la VFC y la dieta respalda la opini\u00f3n de que la VFC puede actuar como biomarcador de la influencia de la alimentaci\u00f3n y la dieta en la salud.<br \/>\n<\/span><span style=\"font-weight: 400;\">Aunque est\u00e1 claro que la dieta influye en la VFC, las v\u00edas subyacentes a tales efectos son multifactoriales y bastante complejas. Es plausible que el impacto de la dieta sobre la VFC opere indirectamente a trav\u00e9s de cambios en la salud mental.<br \/>\n<\/span><span style=\"font-weight: 400;\">Tradicionalmente, la frecuencia cardiaca se ha considerado un producto de la respuesta emocional o el estr\u00e9s.<br \/>\n<\/span><span style=\"font-weight: 400;\">Adem\u00e1s, muchos estudios han descubierto <\/span><a href=\"https:\/\/www.ncbi.nlm.nih.gov\/pmc\/articles\/PMC5900369\/\" target=\"_blank\" rel=\"noopener\"><span style=\"font-weight: 400;\">una asociaci\u00f3n entre la salud mental y la VFC<\/span><\/a><span style=\"font-weight: 400;\">. As\u00ed pues, las situaciones exigentes pueden dar lugar a un aumento o a una disminuci\u00f3n de la VFC. El primero puede producirse cuando un individuo consigue autorregular las exigencias de la situaci\u00f3n, y el segundo puede ocurrir cuando la situaci\u00f3n se percibe como amenazadora. Por otra parte, la dieta influye en el funcionamiento del cerebro, la cognici\u00f3n y el estado de \u00e1nimo, lo que se refleja en cambios en la VFC.<br \/>\n<\/span><span style=\"font-weight: 400;\">En particular, la relaci\u00f3n entre la VFC y los trastornos alimentarios apunta a la posibilidad de una causalidad mutua. La mayor\u00eda de los estudios que investigan la VFC en personas con anorexia nerviosa han hallado un predominio parasimp\u00e1tico.<br \/>\n<\/span><span style=\"font-weight: 400;\">Del mismo modo, las personas que padecen bulimia nerviosa se caracterizan por una mayor actividad parasimp\u00e1tica, en particular HF-HRV. Otro estudio hall\u00f3 <\/span><a href=\"https:\/\/journals.lww.com\/behaviouralpharm\/Fulltext\/2018\/04000\/Heart_rate_variability__a_biomarker_to_study_the.5.aspx\" target=\"_blank\" rel=\"noopener\"><span style=\"font-weight: 400;\">VFC reducida<\/span><\/a><span style=\"font-weight: 400;\"> en aquellos con propensi\u00f3n a la desinhibici\u00f3n alimentaria, que es una tendencia a comer en exceso en presencia de alimentos apetitosos u otros est\u00edmulos desinhibidores, como el estr\u00e9s emocional. Por \u00faltimo, una VFC en reposo baja se ha asociado a la adopci\u00f3n de estrategias desadaptativas de regulaci\u00f3n de las emociones y a problemas de escaso control de los impulsos para identificar las emociones.<\/span><\/p>\n<p><span style=\"font-weight: 400;\">En conjunto, parece que los individuos que tienen dificultades para regular sus emociones y est\u00e1n generalmente deprimidos son <\/span><a href=\"https:\/\/www.sciencedirect.com\/science\/article\/abs\/pii\/S0301051116303647?via%3Dihub\" target=\"_blank\" rel=\"noopener\"><span style=\"font-weight: 400;\">predispuestos a adoptar estrategias de regulaci\u00f3n de las emociones<\/span><\/a><span style=\"font-weight: 400;\"> como el consumo de alimentos ''reconfortantes'', con la consiguiente disminuci\u00f3n de la calidad de su dieta. A su vez, una dieta de mala calidad podr\u00eda exacerbar a\u00fan m\u00e1s la reducci\u00f3n de la VFC. Estos datos sugieren que el comportamiento diet\u00e9tico y la calidad de la dieta median, al menos parcialmente, en la asociaci\u00f3n entre el estado de \u00e1nimo depresivo y la VFC. No obstante, futuras investigaciones garantizar\u00e1n pruebas m\u00e1s s\u00f3lidas sobre las v\u00edas metab\u00f3licas que vinculan el estado de \u00e1nimo, la dieta y la VFC. Un amplio abanico de enfermedades se asocia a una disminuci\u00f3n de la VFC, como la ECV, la diabetes, la obesidad y los trastornos psiqui\u00e1tricos.&nbsp;<\/span><\/p>\n<p><strong>La conexi\u00f3n entre la VFC y las patolog\u00edas relacionadas con el coraz\u00f3n<\/strong><\/p>\n<p><span style=\"font-weight: 400;\">El principal inter\u00e9s de la VFC est\u00e1 relacionado con su potencial <\/span><a href=\"https:\/\/pubmed.ncbi.nlm.nih.gov\/28611675\/\" target=\"_blank\" rel=\"noopener\"><span style=\"font-weight: 400;\">valor pron\u00f3stico<\/span><\/a><span style=\"font-weight: 400;\"> en la ECV y la muerte s\u00fabita cardiaca. De hecho, la VFC <\/span><a href=\"https:\/\/www.ahajournals.org\/doi\/10.1161\/CIRCULATIONAHA.107.732826?url_ver=Z39.88-2003&amp;rfr_id=ori:rid:crossref.org&amp;rfr_dat=cr_pub%20%200pubmed\" target=\"_blank\" rel=\"noopener\"><span style=\"font-weight: 400;\">predice de forma independiente <\/span><\/a><span style=\"font-weight: 400;\">muerte s\u00fabita en pacientes coronarios, y una VFC m\u00e1s baja se asocia con un aumento posterior 40% del riesgo de sufrir un primer acontecimiento cardiovascular. En general, la reducci\u00f3n de la VFC, que refleja un aumento de la actividad del SNS o una reducci\u00f3n de la actividad del SNP, se ha asociado con el desarrollo de muchos <\/span><a href=\"https:\/\/www.ncbi.nlm.nih.gov\/pmc\/articles\/PMC2903986\/\" target=\"_blank\" rel=\"noopener\"><span style=\"font-weight: 400;\">enfermedades cardiovasculares<\/span><\/a><span style=\"font-weight: 400;\">La disminuci\u00f3n de la VFC ha demostrado ser un factor predictivo independiente de la morbilidad y la mortalidad tras un infarto de miocardio. En concreto, se ha observado que la disminuci\u00f3n de la VFC es un factor predictivo independiente de la morbilidad y la mortalidad tras un IM.&nbsp;<\/span><span style=\"font-weight: 400;\">Tambi\u00e9n se ha observado que la relaci\u00f3n LF\/HF est\u00e1 inversamente asociada con un <\/span><a href=\"https:\/\/www.sciencedirect.com\/science\/article\/abs\/pii\/S104727971730515X?via%3Dihub\" target=\"_blank\" rel=\"noopener\"><span style=\"font-weight: 400;\">riesgo de ECV a lo largo de la vida<\/span><\/a><span style=\"font-weight: 400;\">. En particular, los varones sanos con una VFC disminuida tienen aproximadamente 4% m\u00e1s de riesgo de ECV a lo largo de su vida, mientras que las mujeres sanas tienen 8% m\u00e1s de riesgo a lo largo de su vida. Adem\u00e1s, la frecuencia a la que se producen la ICC y las arritmias se ha relacionado con una VFC reducida. Adem\u00e1s, la VFC puede ser un determinante pron\u00f3stico independiente para las personas con angina inestable. Por lo tanto, una VFC reducida se asocia a un peor pron\u00f3stico en varias afecciones m\u00e9dicas relacionadas con el coraz\u00f3n. Dado que las mediciones de la VFC son sencillas y no invasivas, pueden contribuir en gran medida a la prevenci\u00f3n de la ECV.&nbsp;<\/span><\/p>\n<p><span style=\"font-weight: 400;\">Un posible mecanismo a trav\u00e9s del cual la VFC influye en la salud cardiovascular es el <\/span><a href=\"https:\/\/journals.lww.com\/behaviouralpharm\/Fulltext\/2018\/04000\/Heart_rate_variability__a_biomarker_to_study_the.5.aspx\" target=\"_blank\" rel=\"noopener\"><span style=\"font-weight: 400;\">Prote\u00edna C reactiva (PCR)<\/span><\/a><span style=\"font-weight: 400;\">. La PCR es una prote\u00edna producida por el h\u00edgado como respuesta a la inflamaci\u00f3n. Los niveles m\u00e1s altos de PCR se asocian a un mayor riesgo de ECV. Tanto si influye en la inflamaci\u00f3n como en otros mecanismos, la VFC puede utilizarse como biomarcador de la morbilidad y mortalidad cardiacas, as\u00ed como de la progresi\u00f3n de la ECV y de futuras complicaciones de riesgo.&nbsp;<\/span><\/p>\n<p><strong>VFC y diabetes<\/strong><\/p>\n<p><span style=\"font-weight: 400;\">Los estudios sugieren que durante las primeras fases de la diabetes se produce un deterioro del funcionamiento del sistema nervioso aut\u00f3nomo, reflejado en la VFC, que empeora progresivamente. En un estudio, la VFC-FH, que indica la actividad del SNP, era menor en los diab\u00e9ticos que en los controles. Se concluy\u00f3 que las medidas de la VFC en el dominio de la frecuencia son \u00fatiles para evaluar las neuropat\u00edas auton\u00f3micas y perif\u00e9ricas diab\u00e9ticas. En otro estudio, la VFC-FH en no diab\u00e9ticos era mayor en los que ten\u00edan niveles m\u00e1s bajos de insulina en ayunas. As\u00ed pues, exist\u00eda una relaci\u00f3n impl\u00edcita entre la resistencia a la insulina, indicada por unos niveles m\u00e1s elevados de insulina en ayunas, y una VFC m\u00e1s baja. Adem\u00e1s, tras un seguimiento de 9 a\u00f1os, <\/span><a href=\"https:\/\/journals.lww.com\/behaviouralpharm\/Fulltext\/2018\/04000\/Heart_rate_variability__a_biomarker_to_study_the.5.aspx\" target=\"_blank\" rel=\"noopener\"><span style=\"font-weight: 400;\">hubo una disminuci\u00f3n general de la VFC<\/span><\/a><span style=\"font-weight: 400;\">. En general, la VFC parece estar inversamente asociada a los niveles plasm\u00e1ticos de glucosa.&nbsp;<\/span><\/p>\n<p><strong>C\u00f3mo se relaciona la VFC con los problemas relacionados con el peso,<\/strong><\/p>\n<p><span style=\"font-weight: 400;\">Parece que la obesidad puede alterar la VFC. Efectivamente, <\/span><a href=\"https:\/\/www.ncbi.nlm.nih.gov\/pmc\/articles\/PMC6377325\/\" target=\"_blank\" rel=\"noopener\"><span style=\"font-weight: 400;\">varios estudios<\/span><\/a><span style=\"font-weight: 400;\"> han demostrado una asociaci\u00f3n inversa entre el aumento de peso y la VFC. En particular, la adiposidad visceral puede tener una mayor relaci\u00f3n con la VFC que la grasa corporal total. En un estudio, una p\u00e9rdida media de peso de 3,9 kg en mujeres posmenop\u00e1usicas con sobrepeso se asoci\u00f3 a un aumento de la VFC. Adem\u00e1s, en sujetos que se hab\u00edan sometido a <\/span><a href=\"https:\/\/journals.lww.com\/behaviouralpharm\/Fulltext\/2018\/04000\/Heart_rate_variability__a_biomarker_to_study_the.5.aspx\" target=\"_blank\" rel=\"noopener\"><span style=\"font-weight: 400;\">restricci\u00f3n cal\u00f3rica<\/span><\/a><span style=\"font-weight: 400;\"> durante una media de siete a\u00f1os, varias medidas de la m\u00e9trica de la VFC fueron significativamente m\u00e1s altas. En conjunto, una baja forma f\u00edsica cardiorrespiratoria y una mayor grasa corporal se asocian con <\/span><a href=\"https:\/\/www.ncbi.nlm.nih.gov\/pmc\/articles\/PMC6377325\/\" target=\"_blank\" rel=\"noopener\"><span style=\"font-weight: 400;\">VFC m\u00e1s baja<\/span><\/a><span style=\"font-weight: 400;\">siendo el primero el factor m\u00e1s determinante. Aunque la adiposidad influye negativamente en la VFC, este efecto puede ser reversible con p\u00e9rdida de peso y\/o restricci\u00f3n cal\u00f3rica.&nbsp;<\/span><\/p>\n<p><strong>VFC y enfermedades psiqui\u00e1tricas<\/strong><\/p>\n<p><span style=\"font-weight: 400;\">Se ha observado un sistema nervioso aut\u00f3nomo disfuncional, con una reducci\u00f3n asociada de la VFC, en una amplia gama de trastornos psiqui\u00e1tricos, como el trastorno bipolar, los trastornos de ansiedad, el trastorno de estr\u00e9s postraum\u00e1tico y la esquizofrenia. Tambi\u00e9n hay pruebas de que los \u00edndices de VFC se reducen en condiciones caracterizadas por la desregulaci\u00f3n emocional, como la depresi\u00f3n. Cuando se compararon pacientes deprimidos y controles sanos, los primeros ten\u00edan una VFC m\u00e1s baja; era especialmente baja en los que presentaban s\u00edntomas m\u00e1s graves. Es importante destacar que la VFC puede predecir la aparici\u00f3n de enfermedades psicol\u00f3gicas diez a\u00f1os despu\u00e9s. Dada la relaci\u00f3n existente entre la VFC, la regulaci\u00f3n de las emociones y el funcionamiento ejecutivo, se ha propuesto que la VFC es un factor de riesgo para la depresi\u00f3n. <\/span><a href=\"https:\/\/journals.lww.com\/behaviouralpharm\/Fulltext\/2018\/04000\/Heart_rate_variability__a_biomarker_to_study_the.5.aspx\" target=\"_blank\" rel=\"noopener\"><span style=\"font-weight: 400;\">biomarcador de enfermedad mental<\/span><\/a><span style=\"font-weight: 400;\">.<\/span><\/p>\n<p>&nbsp;<\/p>\n<p><b>Principales conclusiones<\/b><\/p>\n<p><span style=\"font-weight: 400;\">Las investigaciones sugieren que la VFC es un biomarcador en individuos con diversas afecciones cl\u00ednicas, especialmente de etiolog\u00eda cardiaca, un indicador de salud en la comunidad en general, as\u00ed como una herramienta no invasiva de control auton\u00f3mico de la frecuencia cardiaca durante desaf\u00edos f\u00edsicos y mentales. Muchos factores modificables del estilo de vida pueden modular beneficiosamente la VFC, entre ellos el ejercicio f\u00edsico y la dieta. Las aplicaciones y los dispositivos que miden la VFC son cada vez m\u00e1s populares, sobre todo entre los atletas, para controlar diferentes aspectos de su entrenamiento, como el rendimiento del ejercicio, las adaptaciones al entrenamiento y la recuperaci\u00f3n.<\/span><\/p>\n<p><br style=\"font-weight: 400;\"><br style=\"font-weight: 400;\"><br style=\"font-weight: 400;\"><br style=\"font-weight: 400;\"><\/p>\n<\/div>\n<div><\/div>\n<div><\/div>\n<p style=\"text-align: right;\"><b>Salud mental<\/b><\/p>\n<hr>\n<p>&nbsp;<\/p><\/p>","protected":false},"excerpt":{"rendered":"<p>Heart rate is the number of heartbeats per minute, and heart rate variability (HRV) quantifies the variability of heart rate. Although the heart rate may be reasonably stable, the time between two successive heart contractions (R-R intervals) can vary considerably at rest; hence, HRV is the beat-to-beat variation in the time intervals between adjacent or [&hellip;]<\/p>","protected":false},"author":1,"featured_media":4487,"comment_status":"open","ping_status":"open","sticky":false,"template":"","format":"standard","meta":{"footnotes":""},"categories":[1],"tags":[],"class_list":["post-4473","post","type-post","status-publish","format-standard","has-post-thumbnail","hentry","category-uncategorized"],"_links":{"self":[{"href":"https:\/\/qelizaesthetics.com\/es\/wp-json\/wp\/v2\/posts\/4473","targetHints":{"allow":["GET"]}}],"collection":[{"href":"https:\/\/qelizaesthetics.com\/es\/wp-json\/wp\/v2\/posts"}],"about":[{"href":"https:\/\/qelizaesthetics.com\/es\/wp-json\/wp\/v2\/types\/post"}],"author":[{"embeddable":true,"href":"https:\/\/qelizaesthetics.com\/es\/wp-json\/wp\/v2\/users\/1"}],"replies":[{"embeddable":true,"href":"https:\/\/qelizaesthetics.com\/es\/wp-json\/wp\/v2\/comments?post=4473"}],"version-history":[{"count":0,"href":"https:\/\/qelizaesthetics.com\/es\/wp-json\/wp\/v2\/posts\/4473\/revisions"}],"wp:featuredmedia":[{"embeddable":true,"href":"https:\/\/qelizaesthetics.com\/es\/wp-json\/wp\/v2\/media\/4487"}],"wp:attachment":[{"href":"https:\/\/qelizaesthetics.com\/es\/wp-json\/wp\/v2\/media?parent=4473"}],"wp:term":[{"taxonomy":"category","embeddable":true,"href":"https:\/\/qelizaesthetics.com\/es\/wp-json\/wp\/v2\/categories?post=4473"},{"taxonomy":"post_tag","embeddable":true,"href":"https:\/\/qelizaesthetics.com\/es\/wp-json\/wp\/v2\/tags?post=4473"}],"curies":[{"name":"wp","href":"https:\/\/api.w.org\/{rel}","templated":true}]}}