{"id":4437,"date":"2025-08-11T20:57:25","date_gmt":"2025-08-11T20:57:25","guid":{"rendered":"https:\/\/qelizaesthetics.com\/breathing-psychological-stress-a-two-way-street\/"},"modified":"2025-08-11T20:57:25","modified_gmt":"2025-08-11T20:57:25","slug":"breathing-psychological-stress-a-two-way-street","status":"publish","type":"post","link":"https:\/\/qelizaesthetics.com\/es\/respirar-el-estres-psicologico-es-una-calle-de-doble-sentido\/","title":{"rendered":"Respiraci\u00f3n y estr\u00e9s psicol\u00f3gico: Una calle de doble sentido"},"content":{"rendered":"<div><\/div>\n<div>\n<p><span style=\"font-weight: 400;\">Durante milenios, los seres humanos han aprovechado el poder de la respiraci\u00f3n para mejorar su cuerpo y su mente. Culturas y sociedades de todos los rincones del mundo comprendieron y apreciaron en cierta medida los efectos beneficiosos que la respiraci\u00f3n puede tener en la regulaci\u00f3n de nuestro bienestar emocional y f\u00edsico. A pesar de estar separadas por continentes y oc\u00e9anos, los antiguos griegos, chinos, indios y otras importantes culturas de la humanidad veneraban la respiraci\u00f3n como manifestaci\u00f3n \u00faltima de la vida y la consideraban el mecanismo fundamental para sanar la mente y el cuerpo.<br \/>\n<\/span><span style=\"font-weight: 400;\">A pesar de que durante miles de a\u00f1os se han explorado los efectos de la respiraci\u00f3n y se han utilizado sus poderes para mejorar la salud mental y f\u00edsica, el arte de respirar se perdi\u00f3 en gran medida en los tiempos modernos. Esto fue consecuencia de la marginaci\u00f3n general de casi todos los procesos curativos naturales por la obsesi\u00f3n de la medicina occidental con la intervenci\u00f3n farmacol\u00f3gica.<\/span><\/p>\n<p><span style=\"font-weight: 400;\"><br \/>\n<\/span><span style=\"font-weight: 400;\">Sin embargo, el renovado inter\u00e9s por la medicina alternativa, junto con una reorientaci\u00f3n de la atenci\u00f3n de la comunidad cient\u00edfica hacia la respiraci\u00f3n, ha aumentado nuestra comprensi\u00f3n de la respiraci\u00f3n y nos ha permitido apreciar su papel fundamental en la regulaci\u00f3n de la respiraci\u00f3n. <\/span><a href=\"https:\/\/www.nature.com\/articles\/s41583-018-0003-6\" target=\"_blank\" rel=\"noopener\"><span style=\"font-weight: 400;\">casi todos los aspectos fundamentales de la fisiolog\u00eda humana.<\/span><\/a><span style=\"font-weight: 400;\"> Una de ellas es la salud mental y nuestro estado emocional. Este art\u00edculo pretende explorar la intrincada relaci\u00f3n entre la respiraci\u00f3n y la salud mental y diseccionar el mecanismo biol\u00f3gico a trav\u00e9s del cual nuestra mente, nuestro sistema nervioso y nuestros pulmones est\u00e1n conectados.&nbsp;<\/span><\/p>\n<p><span style=\"font-weight: 400;\">Como primer paso, conozcamos los biomarcadores fundamentales que caracterizan la salud de nuestro proceso respiratorio. <strong>Se trata de<\/strong><\/span><\/p>\n<ul>\n<li style=\"font-weight: 400;\" aria-level=\"1\"><span style=\"font-weight: 400;\">CO2 al final de la marea: La cantidad de di\u00f3xido de carbono que exhalamos,<\/span><\/li>\n<li style=\"font-weight: 400;\" aria-level=\"1\"><span style=\"font-weight: 400;\">Volumen corriente: El volumen de aire que exhalamos<\/span><\/li>\n<li style=\"font-weight: 400;\" aria-level=\"1\"><span style=\"font-weight: 400;\">Frecuencia respiratoria: El n\u00famero de respiraciones que realizamos por minuto.&nbsp;<\/span><\/li>\n<\/ul>\n<p><span style=\"font-weight: 400;\">Estos biomarcadores reflejan nuestra salud respiratoria porque constituyen los mecanismos b\u00e1sicos por los que la respiraci\u00f3n afecta a casi todos los procesos de nuestro organismo, incluido nuestro estado mental y emocional. Para entender este proceso, examinemos, paso a paso, la secuencia de acontecimientos que se producen cuando experimentamos estr\u00e9s.<\/span><\/p>\n<p><b>C\u00f3mo funciona la conexi\u00f3n pulm\u00f3n-cerebro<\/b><\/p>\n<p><span style=\"font-weight: 400;\"><strong>Paso 1. <\/strong><br \/>\nEl estr\u00e9s se percibe a trav\u00e9s de nuestro cerebro tras activarse uno o varios de nuestros sistemas sensoriales (por ejemplo, la vista).&nbsp;&nbsp;&nbsp;&nbsp;&nbsp;<\/span><\/p>\n<p><span style=\"font-weight: 400;\"><strong>Segundo paso.<\/strong><br \/>\nLa excitaci\u00f3n de nuestro cerebro activa nuestro Sistema Nervioso Aut\u00f3nomo (SNA). El SNA se divide en dos partes, el <\/span><a href=\"https:\/\/www.ncbi.nlm.nih.gov\/pmc\/articles\/PMC6189422\/\" target=\"_blank\" rel=\"noopener\"><span style=\"font-weight: 400;\">Sistema Nervioso Simp\u00e1tico (SNS) y Sistema Nervioso Parasimp\u00e1tico (PNS)<\/span><\/a><span style=\"font-weight: 400;\">. El SNS nos hace entrar en modo \"lucha o huida\", activando todos los mecanismos necesarios para el movimiento, la conservaci\u00f3n y la reacci\u00f3n r\u00e1pida. El SNP, por el contrario, provoca sensaciones de relajaci\u00f3n y nos permite recuperarnos, digerir y sanar. El estr\u00e9s psicol\u00f3gico activa casi inmediatamente el SNS y desactiva parcialmente el PNS.&nbsp;<\/span><\/p>\n<p><span style=\"font-weight: 400;\"><strong>Tercer paso.<\/strong><br \/>\nNuestro cerebro est\u00e1 conectado a nuestros pulmones y otros \u00f3rganos cr\u00edticos a trav\u00e9s del nervio vago, un conducto principal responsable de muchos de los procesos psicosom\u00e1ticos de nuestro cuerpo o de la interacci\u00f3n entre las emociones y los s\u00edntomas f\u00edsicos. El nervio vago contribuye a formar el eje cerebro-pulm\u00f3n. Concretamente, el SNS est\u00e1 conectado con la parte superior, mientras que el PNS lo est\u00e1 con la parte inferior de los pulmones. Debido a la anatom\u00eda de la conexi\u00f3n entre los pulmones, el SNS y el PNS, cuando se produce estr\u00e9s psicol\u00f3gico, lo que activa el SNS y desactiva parcialmente el PNS, respiramos m\u00e1s r\u00e1pido y superficialmente. Por el contrario, cuando respiramos deliberadamente de forma m\u00e1s profunda y lenta, podemos activar el SNP gracias a su conexi\u00f3n con la parte inferior de los pulmones y permitir as\u00ed sensaciones de relajaci\u00f3n.&nbsp;&nbsp;<\/span><\/p>\n<p><span style=\"font-weight: 400;\"><strong>Paso 4.<\/strong><br \/>\nDebido al aumento de la frecuencia respiratoria, la cantidad de aire exhalado aumenta junto con la cantidad de di\u00f3xido de carbono (CO2) expulsado por el organismo. A medida que sale m\u00e1s CO2 del cuerpo, disminuye el CO2 circulante en la sangre, lo que provoca una cascada de efectos adversos, ya que es responsable de dos funciones biol\u00f3gicas cr\u00edticas. En primer lugar, el CO2 permite que las mol\u00e9culas de ox\u00edgeno se desprendan de la hemoglobina (la sustancia de la sangre encargada de transportar el ox\u00edgeno desde los pulmones por todo el cuerpo) y entren en las c\u00e9lulas que las necesitan para producir energ\u00eda. En segundo lugar, el CO2 regula la estrechez o anchura de las arterias y la cantidad de sangre que circula por el cuerpo. En consecuencia, un <\/span><a href=\"https:\/\/www.ncbi.nlm.nih.gov\/books\/NBK526028\/\" target=\"_blank\" rel=\"noopener\"><span style=\"font-weight: 400;\">la reducci\u00f3n de los niveles de CO2 en la sangre provocar\u00e1 una conexi\u00f3n m\u00e1s estrecha entre las mol\u00e9culas de ox\u00edgeno y la hemoglobina<\/span><\/a><span style=\"font-weight: 400;\">Las arterias se estrechan y disminuye el suministro de sangre a las c\u00e9lulas. <\/span><a href=\"https:\/\/www.ahajournals.org\/doi\/pdf\/10.1161\/01.str.3.5.566\" target=\"_blank\" rel=\"noopener\"><span style=\"font-weight: 400;\">el cerebro y en todo el cuerpo.&nbsp;&nbsp;<\/span><\/a><\/p>\n<p><span style=\"font-weight: 400;\"><strong>Paso 5.<\/strong><br \/>\nNuestro cerebro comprende la naturaleza cr\u00edtica del CO2 para nuestra fisiolog\u00eda e intentar\u00e1 compensar sus cambios. Para conseguirlo, nuestro cerebro est\u00e1 dotado de un sistema sensorial que detecta las variaciones en las concentraciones de CO2 y env\u00eda se\u00f1ales a nuestros pulmones para que modifiquen la frecuencia respiratoria en consecuencia.<\/span><\/p>\n<p><span style=\"font-weight: 400;\"><strong>Paso 6.<br \/>\n<\/strong> Cuando el estr\u00e9s se vuelve constante, los pasos 1-5 se vuelven casi permanentes, lo que provoca que la respiraci\u00f3n sea m\u00e1s r\u00e1pida y los niveles de CO2 m\u00e1s bajos constantemente. Despu\u00e9s de a\u00f1os de exposici\u00f3n a este estado, el sistema sensorial de CO2 de nuestro cerebro se acostumbra a niveles m\u00e1s bajos de CO2 en sangre y a una respiraci\u00f3n m\u00e1s r\u00e1pida, una condici\u00f3n tambi\u00e9n conocida como S\u00edndrome de Hiperventilaci\u00f3n Cr\u00f3nica (CHS). Como se ha descrito anteriormente, los niveles m\u00e1s bajos de CO2 en sangre reducen el aporte de ox\u00edgeno a todas las c\u00e9lulas y al cerebro. Una oxigenaci\u00f3n cerebral insuficiente reduce la capacidad cognitiva y la claridad mental y aumenta la probabilidad de sufrir trastornos mentales.&nbsp;<\/span><\/p>\n<\/div>\n<div>\n<p><span style=\"font-weight: 400;\"><strong>Paso 7.<\/strong><br \/>\nUn estado constante de respiraci\u00f3n r\u00e1pida y superficial (es decir, respiraci\u00f3n tor\u00e1cica) activar\u00e1 el SNS, la parte de \"lucha o huida\" de nuestro sistema nervioso, ya que el SNS est\u00e1 conectado a la parte superior de los pulmones.&nbsp;<\/span><\/p>\n<p><em>La infograf\u00eda siguiente ofrece una representaci\u00f3n visual de estos pasos.&nbsp;<\/em><img fetchpriority=\"high\" data-lazyloaded=\"1\" src=\"data:image\/svg+xml;base64,PHN2ZyB4bWxucz0iaHR0cDovL3d3dy53My5vcmcvMjAwMC9zdmciIHdpZHRoPSIyMzIzIiBoZWlnaHQ9IjE5NjUiIHZpZXdCb3g9IjAgMCAyMzIzIDE5NjUiPjxyZWN0IHdpZHRoPSIxMDAlIiBoZWlnaHQ9IjEwMCUiIHN0eWxlPSJmaWxsOiNjZmQ0ZGI7ZmlsbC1vcGFjaXR5OiAwLjE7Ii8+PC9zdmc+\" decoding=\"async\" class=\"alignnone wp-image-1659 size-full\" data-src=\"https:\/\/pnoe.com\/wp-content\/uploads\/2023\/03\/Newsletter-02-1.png\" alt width=\"2323\" height=\"1965\" data-srcset=\"https:\/\/pnoe.com\/wp-content\/uploads\/2023\/03\/Newsletter-02-1.png 2323w, https:\/\/pnoe.com\/wp-content\/uploads\/2023\/03\/Newsletter-02-1-300x254.png 300w, https:\/\/pnoe.com\/wp-content\/uploads\/2023\/03\/Newsletter-02-1-1024x866.png 1024w, https:\/\/pnoe.com\/wp-content\/uploads\/2023\/03\/Newsletter-02-1-768x650.png 768w, https:\/\/pnoe.com\/wp-content\/uploads\/2023\/03\/Newsletter-02-1-1536x1299.png 1536w, https:\/\/pnoe.com\/wp-content\/uploads\/2023\/03\/Newsletter-02-1-2048x1732.png 2048w\" data-sizes=\"(max-width: 2323px) 100vw, 2323px\"><\/p>\n<p><b>La respiraci\u00f3n: Una salida al estr\u00e9s cr\u00f3nico&nbsp;<\/b><\/p>\n<p><span style=\"font-weight: 400;\">Como se describe en los pasos 1-7, nuestro <\/span><a href=\"https:\/\/pubmed.ncbi.nlm.nih.gov\/35678887\/\" target=\"_blank\" rel=\"noopener\"><span style=\"font-weight: 400;\">El mecanismo de respuesta al estr\u00e9s, el sistema nervioso, el cerebro y los pulmones est\u00e1n muy interconectados,<\/span><\/a><span style=\"font-weight: 400;\"> y el estr\u00e9s cr\u00f3nico pueden sumirlos en un c\u00edrculo vicioso autoalimentado. En pocas palabras, el estr\u00e9s hace que nuestra respiraci\u00f3n se vuelva poco saludable, mientras que la respiraci\u00f3n poco saludable puede causar o promover a\u00fan m\u00e1s la ansiedad psicol\u00f3gica o trastorno mental.&nbsp;<\/span><\/p>\n<p><span style=\"font-weight: 400;\">Bas\u00e1ndonos en los pasos 1-7, resulta evidente que la respiraci\u00f3n se sit\u00faa en el n\u00facleo de la regulaci\u00f3n de nuestro cerebro y sistema nervioso. Por suerte, la respiraci\u00f3n es la \u00fanica funci\u00f3n fisiol\u00f3gica b\u00e1sica que podemos controlar. Gracias a la conexi\u00f3n bilateral cerebro-pulm\u00f3n, los cambios en la respiraci\u00f3n pueden modificar el funcionamiento de nuestro cerebro y nuestro sistema nervioso. En otras palabras, los cambios deliberados en nuestros patrones respiratorios, un proceso al que muchos tambi\u00e9n se refieren como trabajo respiratorio, <\/span><a href=\"https:\/\/www.ncbi.nlm.nih.gov\/pmc\/articles\/PMC4374650\/\" target=\"_blank\" rel=\"noopener\"><span style=\"font-weight: 400;\">puede inducir efectos positivos en nuestro cerebro y sistema nervioso y, por tanto, ofrecer una soluci\u00f3n viable al estr\u00e9s cr\u00f3nico.&nbsp;<\/span><\/a><\/p>\n<p><span style=\"font-weight: 400;\">El trabajo respiratorio tiene muchas formas; cada una de ellas se dirige a una parte diferente de nuestro aparato respiratorio. El siguiente gr\u00e1fico ofrece una visi\u00f3n general de las t\u00e9cnicas de respiraci\u00f3n m\u00e1s populares, clasificadas en funci\u00f3n del elemento de nuestro sistema respiratorio al que afectan en mayor medida.&nbsp;<\/span><\/p>\n<p><img data-lazyloaded=\"1\" src=\"data:image\/svg+xml;base64,PHN2ZyB4bWxucz0iaHR0cDovL3d3dy53My5vcmcvMjAwMC9zdmciIHdpZHRoPSIyMjk0IiBoZWlnaHQ9Ijg5MyIgdmlld0JveD0iMCAwIDIyOTQgODkzIj48cmVjdCB3aWR0aD0iMTAwJSIgaGVpZ2h0PSIxMDAlIiBzdHlsZT0iZmlsbDojY2ZkNGRiO2ZpbGwtb3BhY2l0eTogMC4xOyIvPjwvc3ZnPg==\" decoding=\"async\" class=\"alignnone wp-image-1661 size-full\" data-src=\"https:\/\/pnoe.com\/wp-content\/uploads\/2023\/03\/BH-02.png\" alt width=\"2294\" height=\"893\" data-srcset=\"https:\/\/pnoe.com\/wp-content\/uploads\/2023\/03\/BH-02.png 2294w, https:\/\/pnoe.com\/wp-content\/uploads\/2023\/03\/BH-02-300x117.png 300w, https:\/\/pnoe.com\/wp-content\/uploads\/2023\/03\/BH-02-1024x399.png 1024w, https:\/\/pnoe.com\/wp-content\/uploads\/2023\/03\/BH-02-768x299.png 768w, https:\/\/pnoe.com\/wp-content\/uploads\/2023\/03\/BH-02-1536x598.png 1536w, https:\/\/pnoe.com\/wp-content\/uploads\/2023\/03\/BH-02-2048x797.png 2048w\" data-sizes=\"(max-width: 2294px) 100vw, 2294px\"><\/p>\n<p><b>Conclusi\u00f3n<\/b><\/p>\n<p><span style=\"font-weight: 400;\">Nuestro cerebro, sistema nervioso y pulmones est\u00e1n conectados en una intrincada relaci\u00f3n que puede provocar un c\u00edrculo virtuoso o vicioso para nuestra salud mental. En otras palabras, la respiraci\u00f3n puede ser el obst\u00e1culo o el facilitador de la salud mental. Comprender si tu respiraci\u00f3n est\u00e1 afectando positiva o negativamente a tus niveles de estr\u00e9s y a tu estado psicosom\u00e1tico es el primer paso para aprovechar el poder de la respiraci\u00f3n y lograr una mejor calidad de vida. Independientemente de la calidad de tu respiraci\u00f3n, el trabajo respiratorio y la manipulaci\u00f3n deliberada de tu respiraci\u00f3n pueden ser una fuente de mejora de tu estado mental y un h\u00e1bito que puede mejorar tu vida.&nbsp;<\/span><\/p>\n<p><br style=\"font-weight: 400;\"><br style=\"font-weight: 400;\"><br style=\"font-weight: 400;\"><\/p>\n<\/div>\n<p>&nbsp;<\/p>\n<p style=\"text-align: right;\"><b>Salud mental<\/b><\/p>\n<hr>\n<p>&nbsp;<\/p><\/p>","protected":false},"excerpt":{"rendered":"<p>For millennia humans have leveraged the power of breathing to improve their bodies and minds. Cultures and societies in all corners of the world understood and appreciated to some extent the beneficial effects that breathing can have in regulating our emotional and physical well-being. Despite being separated by continents and oceans, the ancient Greeks, Chinese, [&hellip;]<\/p>","protected":false},"author":1,"featured_media":4454,"comment_status":"open","ping_status":"open","sticky":false,"template":"","format":"standard","meta":{"footnotes":""},"categories":[1],"tags":[],"class_list":["post-4437","post","type-post","status-publish","format-standard","has-post-thumbnail","hentry","category-uncategorized"],"_links":{"self":[{"href":"https:\/\/qelizaesthetics.com\/es\/wp-json\/wp\/v2\/posts\/4437","targetHints":{"allow":["GET"]}}],"collection":[{"href":"https:\/\/qelizaesthetics.com\/es\/wp-json\/wp\/v2\/posts"}],"about":[{"href":"https:\/\/qelizaesthetics.com\/es\/wp-json\/wp\/v2\/types\/post"}],"author":[{"embeddable":true,"href":"https:\/\/qelizaesthetics.com\/es\/wp-json\/wp\/v2\/users\/1"}],"replies":[{"embeddable":true,"href":"https:\/\/qelizaesthetics.com\/es\/wp-json\/wp\/v2\/comments?post=4437"}],"version-history":[{"count":0,"href":"https:\/\/qelizaesthetics.com\/es\/wp-json\/wp\/v2\/posts\/4437\/revisions"}],"wp:featuredmedia":[{"embeddable":true,"href":"https:\/\/qelizaesthetics.com\/es\/wp-json\/wp\/v2\/media\/4454"}],"wp:attachment":[{"href":"https:\/\/qelizaesthetics.com\/es\/wp-json\/wp\/v2\/media?parent=4437"}],"wp:term":[{"taxonomy":"category","embeddable":true,"href":"https:\/\/qelizaesthetics.com\/es\/wp-json\/wp\/v2\/categories?post=4437"},{"taxonomy":"post_tag","embeddable":true,"href":"https:\/\/qelizaesthetics.com\/es\/wp-json\/wp\/v2\/tags?post=4437"}],"curies":[{"name":"wp","href":"https:\/\/api.w.org\/{rel}","templated":true}]}}